{"id":144,"date":"2016-05-06T15:00:00","date_gmt":"2016-05-06T15:00:00","guid":{"rendered":"http:\/\/www.homeandmore.it\/?p=144"},"modified":"2018-11-19T08:48:16","modified_gmt":"2018-11-19T08:48:16","slug":"il-rischio-dei-posticipi-e-degli-anticipi","status":"publish","type":"post","link":"https:\/\/www.homeandmore.it\/index.php\/2016\/05\/06\/il-rischio-dei-posticipi-e-degli-anticipi\/","title":{"rendered":"il rischio dei posticipi ( e degli anticipi)"},"content":{"rendered":"<p>INDAFFARATI<br \/>\nUn atto di fiducia verso le nuove generazioni<br \/>\nConversazione con Filippo La Porta<\/p>\n<p>Primo incontro della rassegna letteraria<br \/>\n<strong>IL RISCHIO DEI POSTICIPI (E DEGLI ANTICIPI)<\/strong><br \/>\ncurata da Nando Vitali, Maria Rosaria Vado,<br \/>\nCarlo Ziviello, Davide D&#8217;Urso, Sabrina Vitiello<\/p>\n<p><span class=\"text_exposed_show\"><br \/>\nParte marted\u00ec 19 aprile alle ore 17,30 \u00a0il primo incontro della rassegna letteraria<\/span><\/p>\n<p><span class=\"text_exposed_show\"><strong> IL RISCHIO DEI POSTICIPI (E DEGLI ANTICIPI<\/strong>)<br \/>\nIl critico letterario Filippo La Porta converser\u00e0 con lo scrittore Nando Vitali sul tema: Gli indaffarati.<\/span><\/p>\n<p><span class=\"text_exposed_show\">Un atto di fiducia verso le nuove generazioni.<\/span><\/p>\n<p>Nella mutazione in atto non solo le nuove generazioni ma ciascuno di noi \u00e8 continuamente \u201cindaffarato\u201d,<\/p>\n<p><span class=\"text_exposed_show\">intento a inviare o decifrare ansiosamente un messaggio, a dialogare e informarsi, a connettersi full time, <\/span><\/p>\n<p><span class=\"text_exposed_show\">a verificare una notizia, a cercare un riscontro, a controllare una citazione. <\/span><\/p>\n<p><span class=\"text_exposed_show\">Da un lato rischia cos\u00ec di perdere la fondamentale esperienza della solitudine e dell\u2019ozio contemplativo <\/span><\/p>\n<p><span class=\"text_exposed_show\">(la sua stessa libert\u00e0 ne viene limitata: non \u00e8 pi\u00f9 \u201clibero\u201d di annoiarsi o perfino di dimenticare qualcosa\u2026),<\/span><\/p>\n<p><span class=\"text_exposed_show\"> subisce ritmi imposti dall\u2019esterno diventando un \u201cforzato\u201d della comunicazione, <\/span><\/p>\n<p><span class=\"text_exposed_show\">si disperde in un caleidoscopio di identit\u00e0 provvisorie, \u00e8 sempre altrove.<br \/>\nPer\u00f2 dall\u2019altro si mostra \u201cindaffarato\u201d anche perch\u00e9 impegnato nel fare concreto, <\/span><\/p>\n<p><span class=\"text_exposed_show\">nello scambiare e nel condividere, nel collaborare e nel cooperare,<\/span><\/p>\n<p><span class=\"text_exposed_show\"> nel mettere in pratica le proprie idee, nel tradurre le parole in stili di vita.<\/span><\/p>\n<p><span class=\"text_exposed_show\"><br \/>\nFilippo La Porta (Roma, 1952) collabora a quotidiani e riviste, <\/span><\/p>\n<p><span class=\"text_exposed_show\">tra cui il Domenicale del \u201cSole 24 Ore\u201d, \u201cIl Messaggero\u201d, \u201cEspresso\u201d, \u201cXL\u201d di \u201cLa Repubblica\u201d,<\/span><\/p>\n<p><span class=\"text_exposed_show\"> \u201cLeft\u201d, \u201cACHAB scritture solide in transito\u201d.<br \/>\nHa pubblicato, tra gli altri, i volumi: La nuova narrativa italiana (Bollati Boringhieri, 1995),<\/span><\/p>\n<p><span class=\"text_exposed_show\"> Maestri irregolari (Bollati Boringhieri, 2007), <\/span><\/p>\n<p><span class=\"text_exposed_show\">Dizionario della critica militante (firmato insieme a Giuseppe Leonelli, Bompiani, 2007), <\/span><\/p>\n<p><span class=\"text_exposed_show\">\u00c8 un problema tuo (Gaffi, 2009), Meno letteratura, per favore! (Bollati Boringhieri, 2010), <\/span><\/p>\n<p><span class=\"text_exposed_show\">Un\u2019idea dell\u2019Italia. L\u2019attualit\u00e0 nazionale dei libri (Aragno, 2012). Il suo ultimo libro, pubblicato per Laterza nel 2014, \u00e8 Roma \u00e8 una bugia.<\/span><\/p>\n<p>&nbsp;<\/p>\n","protected":false},"excerpt":{"rendered":"<p>INDAFFARATI Un atto di fiducia verso le nuove generazioni Conversazione con Filippo La Porta Primo incontro della rassegna letteraria IL [&hellip;]<\/p>\n","protected":false},"author":1,"featured_media":146,"comment_status":"open","ping_status":"open","sticky":false,"template":"","format":"standard","meta":{"footnotes":""},"categories":[15,12],"tags":[],"_links":{"self":[{"href":"https:\/\/www.homeandmore.it\/index.php\/wp-json\/wp\/v2\/posts\/144"}],"collection":[{"href":"https:\/\/www.homeandmore.it\/index.php\/wp-json\/wp\/v2\/posts"}],"about":[{"href":"https:\/\/www.homeandmore.it\/index.php\/wp-json\/wp\/v2\/types\/post"}],"author":[{"embeddable":true,"href":"https:\/\/www.homeandmore.it\/index.php\/wp-json\/wp\/v2\/users\/1"}],"replies":[{"embeddable":true,"href":"https:\/\/www.homeandmore.it\/index.php\/wp-json\/wp\/v2\/comments?post=144"}],"version-history":[{"count":3,"href":"https:\/\/www.homeandmore.it\/index.php\/wp-json\/wp\/v2\/posts\/144\/revisions"}],"predecessor-version":[{"id":149,"href":"https:\/\/www.homeandmore.it\/index.php\/wp-json\/wp\/v2\/posts\/144\/revisions\/149"}],"wp:featuredmedia":[{"embeddable":true,"href":"https:\/\/www.homeandmore.it\/index.php\/wp-json\/wp\/v2\/media\/146"}],"wp:attachment":[{"href":"https:\/\/www.homeandmore.it\/index.php\/wp-json\/wp\/v2\/media?parent=144"}],"wp:term":[{"taxonomy":"category","embeddable":true,"href":"https:\/\/www.homeandmore.it\/index.php\/wp-json\/wp\/v2\/categories?post=144"},{"taxonomy":"post_tag","embeddable":true,"href":"https:\/\/www.homeandmore.it\/index.php\/wp-json\/wp\/v2\/tags?post=144"}],"curies":[{"name":"wp","href":"https:\/\/api.w.org\/{rel}","templated":true}]}}